{"id":1914,"date":"2025-07-08T11:38:34","date_gmt":"2025-07-08T09:38:34","guid":{"rendered":"https:\/\/www.dubourg-groupe.com\/?p=1914"},"modified":"2025-07-08T12:01:38","modified_gmt":"2025-07-08T10:01:38","slug":"find-the-interview-with-jean-baptiste-dubourg-for-leco-here-in-gironde","status":"publish","type":"post","link":"https:\/\/www.dubourg-groupe.com\/en\/2025\/07\/08\/find-the-interview-with-jean-baptiste-dubourg-for-leco-here-in-gironde\/","title":{"rendered":"Find the interview with Jean-Baptiste DUBOURG for L&#039;\u00e9co here in Gironde"},"content":{"rendered":"<p><\/p>\n\n\n\n<p>We warmly thank the podcast team <a href=\"https:\/\/www.francebleu.fr\/emissions\/la-relance-eco-fb-gironde\/gironde\"><strong>The Eco of Here in Gironde<\/strong> <\/a>for their invitation and the opportunity to highlight our company through the voice of our Managing Director, <strong><a href=\"https:\/\/www.linkedin.com\/in\/jean-baptiste-dubourg-907080166\/\">Jean-Baptiste Dubourg<\/a><\/strong>.<\/p>\n\n\n\n<p>In this approximately 5-minute episode, Jean-Baptiste briefly reviews the history of DUBOURG GROUPE, our commitment to a more responsible automobile, and the way in which we integrate the principles of the circular economy into our various activities around reused parts.<\/p>\n\n\n\n<p>This moment of exchange also provided an opportunity to discuss our vision for the future, driven by the desire to combine passion, innovation and respect for the environment.<\/p>\n\n\n\n<p>We are delighted to have been able to share our experience and our values with the listeners of this local media committed to promoting the economic players in our region.<\/p>\n\n\n\n<iframe allow=\"autoplay *; encrypted-media *; fullscreen *; clipboard-write\" frameborder=\"0\" height=\"175\" style=\"width:100%;max-width:660px;overflow:hidden;border-radius:10px;\" sandbox=\"allow-forms allow-popups allow-same-origin allow-scripts allow-storage-access-by-user-activation allow-top-navigation-by-user-activation\" src=\"https:\/\/embed.podcasts.apple.com\/us\/podcast\/jean-baptiste-dubourg-directeur-g%C3%A9n%C3%A9ral-de\/id1809951019?i=1000715390226\"><\/iframe>\n\n\n\n<div class=\"wp-block-columns is-layout-flex wp-container-core-columns-is-layout-28f84493 wp-block-columns-is-layout-flex\">\n<div class=\"wp-block-column is-layout-flow wp-block-column-is-layout-flow\"><\/div>\n\n\n\n<div class=\"wp-block-column is-layout-flow wp-block-column-is-layout-flow\"><\/div>\n<\/div>\n\n\n\n<p><\/p>","protected":false},"excerpt":{"rendered":"<p>We warmly thank the team of the L&#039;\u00c9co d&#039;Ici en Gironde podcast for their invitation and the opportunity to highlight our company through the voice of our Managing Director, Jean-Baptiste Dubourg. In this approximately 5-minute episode, Jean-Baptiste briefly reviews the history of DUBOURG GROUPE, our commitment to more responsible automotive technology, and the [\u2026]<\/p>","protected":false},"author":2,"featured_media":1926,"comment_status":"closed","ping_status":"closed","sticky":false,"template":"","format":"standard","meta":{"_acf_changed":false,"footnotes":""},"categories":[16],"tags":[10],"class_list":["post-1914","post","type-post","status-publish","format-standard","has-post-thumbnail","hentry","category-presse","tag-dubourg-groupe"],"acf":[],"yoast_head":"<!-- This site is optimized with the Yoast SEO plugin v26.2 - https:\/\/yoast.com\/wordpress\/plugins\/seo\/ -->\n<title>Retrouvez l&#039;interview de Jean-Baptiste DUBOURG pour L&#039;\u00e9co ici en Gironde - Dubourg Groupe<\/title>\n<meta name=\"robots\" content=\"index, follow, max-snippet:-1, max-image-preview:large, max-video-preview:-1\" \/>\n<link rel=\"canonical\" href=\"https:\/\/www.dubourg-groupe.com\/en\/2025\/07\/08\/find-the-interview-with-jean-baptiste-dubourg-for-leco-here-in-gironde\/\" \/>\n<meta property=\"og:locale\" content=\"en_US\" \/>\n<meta property=\"og:type\" content=\"article\" \/>\n<meta property=\"og:title\" content=\"Retrouvez l&#039;interview de Jean-Baptiste DUBOURG pour L&#039;\u00e9co ici en Gironde - Dubourg Groupe\" \/>\n<meta property=\"og:description\" content=\"Nous remercions chaleureusement l\u2019\u00e9quipe du podcast L\u2019\u00c9co d\u2019Ici en Gironde pour leur invitation et l\u2019opportunit\u00e9 de mettre en lumi\u00e8re notre entreprise \u00e0 travers la voix de notre Directeur G\u00e9n\u00e9ral, Jean-Baptiste Dubourg. Dans cet \u00e9pisode d\u2019environ 5 minutes, Jean-Baptiste revient bri\u00e8vement sur l\u2019histoire de DUBOURG GROUPE, notre engagement en faveur d\u2019une automobile plus responsable, et la [&hellip;]\" \/>\n<meta property=\"og:url\" content=\"https:\/\/www.dubourg-groupe.com\/en\/2025\/07\/08\/find-the-interview-with-jean-baptiste-dubourg-for-leco-here-in-gironde\/\" \/>\n<meta property=\"og:site_name\" content=\"Dubourg Groupe\" \/>\n<meta property=\"article:publisher\" content=\"https:\/\/fr-fr.facebook.com\/dubourg.automobiles\/\" \/>\n<meta property=\"article:published_time\" content=\"2025-07-08T09:38:34+00:00\" \/>\n<meta property=\"article:modified_time\" content=\"2025-07-08T10:01:38+00:00\" \/>\n<meta property=\"og:image\" content=\"https:\/\/www.dubourg-groupe.com\/wp-content\/uploads\/2025\/07\/visuel.webp\" \/>\n\t<meta property=\"og:image:width\" content=\"1280\" \/>\n\t<meta property=\"og:image:height\" content=\"320\" \/>\n\t<meta property=\"og:image:type\" content=\"image\/png\" \/>\n<meta name=\"author\" content=\"admin-dubourg\" \/>\n<meta name=\"twitter:card\" content=\"summary_large_image\" \/>\n<meta name=\"twitter:label1\" content=\"Written by\" \/>\n\t<meta name=\"twitter:data1\" content=\"admin-dubourg\" \/>\n\t<meta name=\"twitter:label2\" content=\"Est. reading time\" \/>\n\t<meta name=\"twitter:data2\" content=\"1 minute\" \/>\n<script type=\"application\/ld+json\" class=\"yoast-schema-graph\">{\"@context\":\"https:\/\/schema.org\",\"@graph\":[{\"@type\":\"Article\",\"@id\":\"https:\/\/www.dubourg-groupe.com\/2025\/07\/08\/retrouvez-linterview-de-jean-baptiste-dubourg-pour-leco-ici-en-gironde\/#article\",\"isPartOf\":{\"@id\":\"https:\/\/www.dubourg-groupe.com\/2025\/07\/08\/retrouvez-linterview-de-jean-baptiste-dubourg-pour-leco-ici-en-gironde\/\"},\"author\":{\"name\":\"admin-dubourg\",\"@id\":\"https:\/\/www.dubourg-groupe.com\/#\/schema\/person\/edcfdea46d9cda1ff96ae17d89d48a00\"},\"headline\":\"Retrouvez l&rsquo;interview de Jean-Baptiste DUBOURG pour L&rsquo;\u00e9co ici en Gironde\",\"datePublished\":\"2025-07-08T09:38:34+00:00\",\"dateModified\":\"2025-07-08T10:01:38+00:00\",\"mainEntityOfPage\":{\"@id\":\"https:\/\/www.dubourg-groupe.com\/2025\/07\/08\/retrouvez-linterview-de-jean-baptiste-dubourg-pour-leco-ici-en-gironde\/\"},\"wordCount\":161,\"publisher\":{\"@id\":\"https:\/\/www.dubourg-groupe.com\/#organization\"},\"image\":{\"@id\":\"https:\/\/www.dubourg-groupe.com\/2025\/07\/08\/retrouvez-linterview-de-jean-baptiste-dubourg-pour-leco-ici-en-gironde\/#primaryimage\"},\"thumbnailUrl\":\"https:\/\/www.dubourg-groupe.com\/wp-content\/uploads\/2025\/07\/visuel.webp\",\"keywords\":[\"DUBOURG GROUPE\"],\"articleSection\":[\"Presse\"],\"inLanguage\":\"en-US\"},{\"@type\":\"WebPage\",\"@id\":\"https:\/\/www.dubourg-groupe.com\/2025\/07\/08\/retrouvez-linterview-de-jean-baptiste-dubourg-pour-leco-ici-en-gironde\/\",\"url\":\"https:\/\/www.dubourg-groupe.com\/2025\/07\/08\/retrouvez-linterview-de-jean-baptiste-dubourg-pour-leco-ici-en-gironde\/\",\"name\":\"Retrouvez l'interview de Jean-Baptiste DUBOURG pour L'\u00e9co ici en Gironde - Dubourg Groupe\",\"isPartOf\":{\"@id\":\"https:\/\/www.dubourg-groupe.com\/#website\"},\"primaryImageOfPage\":{\"@id\":\"https:\/\/www.dubourg-groupe.com\/2025\/07\/08\/retrouvez-linterview-de-jean-baptiste-dubourg-pour-leco-ici-en-gironde\/#primaryimage\"},\"image\":{\"@id\":\"https:\/\/www.dubourg-groupe.com\/2025\/07\/08\/retrouvez-linterview-de-jean-baptiste-dubourg-pour-leco-ici-en-gironde\/#primaryimage\"},\"thumbnailUrl\":\"https:\/\/www.dubourg-groupe.com\/wp-content\/uploads\/2025\/07\/visuel.webp\",\"datePublished\":\"2025-07-08T09:38:34+00:00\",\"dateModified\":\"2025-07-08T10:01:38+00:00\",\"breadcrumb\":{\"@id\":\"https:\/\/www.dubourg-groupe.com\/2025\/07\/08\/retrouvez-linterview-de-jean-baptiste-dubourg-pour-leco-ici-en-gironde\/#breadcrumb\"},\"inLanguage\":\"en-US\",\"potentialAction\":[{\"@type\":\"ReadAction\",\"target\":[\"https:\/\/www.dubourg-groupe.com\/2025\/07\/08\/retrouvez-linterview-de-jean-baptiste-dubourg-pour-leco-ici-en-gironde\/\"]}]},{\"@type\":\"ImageObject\",\"inLanguage\":\"en-US\",\"@id\":\"https:\/\/www.dubourg-groupe.com\/2025\/07\/08\/retrouvez-linterview-de-jean-baptiste-dubourg-pour-leco-ici-en-gironde\/#primaryimage\",\"url\":\"https:\/\/www.dubourg-groupe.com\/wp-content\/uploads\/2025\/07\/visuel.webp\",\"contentUrl\":\"https:\/\/www.dubourg-groupe.com\/wp-content\/uploads\/2025\/07\/visuel.webp\",\"width\":1280,\"height\":320},{\"@type\":\"BreadcrumbList\",\"@id\":\"https:\/\/www.dubourg-groupe.com\/2025\/07\/08\/retrouvez-linterview-de-jean-baptiste-dubourg-pour-leco-ici-en-gironde\/#breadcrumb\",\"itemListElement\":[{\"@type\":\"ListItem\",\"position\":1,\"name\":\"Accueil\",\"item\":\"https:\/\/www.dubourg-groupe.com\/\"},{\"@type\":\"ListItem\",\"position\":2,\"name\":\"Retrouvez l&rsquo;interview de Jean-Baptiste DUBOURG pour L&rsquo;\u00e9co ici en Gironde\"}]},{\"@type\":\"WebSite\",\"@id\":\"https:\/\/www.dubourg-groupe.com\/#website\",\"url\":\"https:\/\/www.dubourg-groupe.com\/\",\"name\":\"Dubourg Groupe\",\"description\":\"\",\"publisher\":{\"@id\":\"https:\/\/www.dubourg-groupe.com\/#organization\"},\"potentialAction\":[{\"@type\":\"SearchAction\",\"target\":{\"@type\":\"EntryPoint\",\"urlTemplate\":\"https:\/\/www.dubourg-groupe.com\/?s={search_term_string}\"},\"query-input\":{\"@type\":\"PropertyValueSpecification\",\"valueRequired\":true,\"valueName\":\"search_term_string\"}}],\"inLanguage\":\"en-US\"},{\"@type\":\"Organization\",\"@id\":\"https:\/\/www.dubourg-groupe.com\/#organization\",\"name\":\"Dubourg Groupe\",\"url\":\"https:\/\/www.dubourg-groupe.com\/\",\"logo\":{\"@type\":\"ImageObject\",\"inLanguage\":\"en-US\",\"@id\":\"https:\/\/www.dubourg-groupe.com\/#\/schema\/logo\/image\/\",\"url\":\"https:\/\/www.dubourg-groupe.com\/wp-content\/uploads\/2024\/11\/logo-resize-png.webp\",\"contentUrl\":\"https:\/\/www.dubourg-groupe.com\/wp-content\/uploads\/2024\/11\/logo-resize-png.webp\",\"width\":247,\"height\":56,\"caption\":\"Dubourg Groupe\"},\"image\":{\"@id\":\"https:\/\/www.dubourg-groupe.com\/#\/schema\/logo\/image\/\"},\"sameAs\":[\"https:\/\/fr-fr.facebook.com\/dubourg.automobiles\/\",\"https:\/\/www.instagram.com\/dubourg_automobiles\/\",\"https:\/\/www.linkedin.com\/company\/dubourg-automobiles\",\"https:\/\/www.youtube.com\/@dubourgautomobiles8847\"]},{\"@type\":\"Person\",\"@id\":\"https:\/\/www.dubourg-groupe.com\/#\/schema\/person\/edcfdea46d9cda1ff96ae17d89d48a00\",\"name\":\"admin-dubourg\",\"image\":{\"@type\":\"ImageObject\",\"inLanguage\":\"en-US\",\"@id\":\"https:\/\/www.dubourg-groupe.com\/#\/schema\/person\/image\/\",\"url\":\"https:\/\/secure.gravatar.com\/avatar\/21854f7b747275f064449c5977e3c568973262d3a04ab7c32590fbf81144e5bd?s=96&d=mm&r=g\",\"contentUrl\":\"https:\/\/secure.gravatar.com\/avatar\/21854f7b747275f064449c5977e3c568973262d3a04ab7c32590fbf81144e5bd?s=96&d=mm&r=g\",\"caption\":\"admin-dubourg\"},\"url\":\"https:\/\/www.dubourg-groupe.com\/en\/author\/admin-dubourg\/\"}]}<\/script>\n<!-- \/ Yoast SEO plugin. -->","yoast_head_json":{"title":"Find the interview with Jean-Baptiste DUBOURG for L&#039;\u00e9co ici en Gironde - Dubourg Groupe","robots":{"index":"index","follow":"follow","max-snippet":"max-snippet:-1","max-image-preview":"max-image-preview:large","max-video-preview":"max-video-preview:-1"},"canonical":"https:\/\/www.dubourg-groupe.com\/en\/2025\/07\/08\/find-the-interview-with-jean-baptiste-dubourg-for-leco-here-in-gironde\/","og_locale":"en_US","og_type":"article","og_title":"Retrouvez l'interview de Jean-Baptiste DUBOURG pour L'\u00e9co ici en Gironde - Dubourg Groupe","og_description":"Nous remercions chaleureusement l\u2019\u00e9quipe du podcast L\u2019\u00c9co d\u2019Ici en Gironde pour leur invitation et l\u2019opportunit\u00e9 de mettre en lumi\u00e8re notre entreprise \u00e0 travers la voix de notre Directeur G\u00e9n\u00e9ral, Jean-Baptiste Dubourg. Dans cet \u00e9pisode d\u2019environ 5 minutes, Jean-Baptiste revient bri\u00e8vement sur l\u2019histoire de DUBOURG GROUPE, notre engagement en faveur d\u2019une automobile plus responsable, et la [&hellip;]","og_url":"https:\/\/www.dubourg-groupe.com\/en\/2025\/07\/08\/find-the-interview-with-jean-baptiste-dubourg-for-leco-here-in-gironde\/","og_site_name":"Dubourg Groupe","article_publisher":"https:\/\/fr-fr.facebook.com\/dubourg.automobiles\/","article_published_time":"2025-07-08T09:38:34+00:00","article_modified_time":"2025-07-08T10:01:38+00:00","og_image":[{"width":1280,"height":320,"url":"https:\/\/www.dubourg-groupe.com\/wp-content\/uploads\/2025\/07\/visuel.webp","type":"image\/png"}],"author":"admin-dubourg","twitter_card":"summary_large_image","twitter_misc":{"Written by":"admin-dubourg","Est. reading time":"1 minute"},"schema":{"@context":"https:\/\/schema.org","@graph":[{"@type":"Article","@id":"https:\/\/www.dubourg-groupe.com\/2025\/07\/08\/retrouvez-linterview-de-jean-baptiste-dubourg-pour-leco-ici-en-gironde\/#article","isPartOf":{"@id":"https:\/\/www.dubourg-groupe.com\/2025\/07\/08\/retrouvez-linterview-de-jean-baptiste-dubourg-pour-leco-ici-en-gironde\/"},"author":{"name":"admin-dubourg","@id":"https:\/\/www.dubourg-groupe.com\/#\/schema\/person\/edcfdea46d9cda1ff96ae17d89d48a00"},"headline":"Retrouvez l&rsquo;interview de Jean-Baptiste DUBOURG pour L&rsquo;\u00e9co ici en Gironde","datePublished":"2025-07-08T09:38:34+00:00","dateModified":"2025-07-08T10:01:38+00:00","mainEntityOfPage":{"@id":"https:\/\/www.dubourg-groupe.com\/2025\/07\/08\/retrouvez-linterview-de-jean-baptiste-dubourg-pour-leco-ici-en-gironde\/"},"wordCount":161,"publisher":{"@id":"https:\/\/www.dubourg-groupe.com\/#organization"},"image":{"@id":"https:\/\/www.dubourg-groupe.com\/2025\/07\/08\/retrouvez-linterview-de-jean-baptiste-dubourg-pour-leco-ici-en-gironde\/#primaryimage"},"thumbnailUrl":"https:\/\/www.dubourg-groupe.com\/wp-content\/uploads\/2025\/07\/visuel.webp","keywords":["DUBOURG GROUPE"],"articleSection":["Presse"],"inLanguage":"en-US"},{"@type":"WebPage","@id":"https:\/\/www.dubourg-groupe.com\/2025\/07\/08\/retrouvez-linterview-de-jean-baptiste-dubourg-pour-leco-ici-en-gironde\/","url":"https:\/\/www.dubourg-groupe.com\/2025\/07\/08\/retrouvez-linterview-de-jean-baptiste-dubourg-pour-leco-ici-en-gironde\/","name":"Find the interview with Jean-Baptiste DUBOURG for L&#039;\u00e9co ici en Gironde - Dubourg Groupe","isPartOf":{"@id":"https:\/\/www.dubourg-groupe.com\/#website"},"primaryImageOfPage":{"@id":"https:\/\/www.dubourg-groupe.com\/2025\/07\/08\/retrouvez-linterview-de-jean-baptiste-dubourg-pour-leco-ici-en-gironde\/#primaryimage"},"image":{"@id":"https:\/\/www.dubourg-groupe.com\/2025\/07\/08\/retrouvez-linterview-de-jean-baptiste-dubourg-pour-leco-ici-en-gironde\/#primaryimage"},"thumbnailUrl":"https:\/\/www.dubourg-groupe.com\/wp-content\/uploads\/2025\/07\/visuel.webp","datePublished":"2025-07-08T09:38:34+00:00","dateModified":"2025-07-08T10:01:38+00:00","breadcrumb":{"@id":"https:\/\/www.dubourg-groupe.com\/2025\/07\/08\/retrouvez-linterview-de-jean-baptiste-dubourg-pour-leco-ici-en-gironde\/#breadcrumb"},"inLanguage":"en-US","potentialAction":[{"@type":"ReadAction","target":["https:\/\/www.dubourg-groupe.com\/2025\/07\/08\/retrouvez-linterview-de-jean-baptiste-dubourg-pour-leco-ici-en-gironde\/"]}]},{"@type":"ImageObject","inLanguage":"en-US","@id":"https:\/\/www.dubourg-groupe.com\/2025\/07\/08\/retrouvez-linterview-de-jean-baptiste-dubourg-pour-leco-ici-en-gironde\/#primaryimage","url":"https:\/\/www.dubourg-groupe.com\/wp-content\/uploads\/2025\/07\/visuel.webp","contentUrl":"https:\/\/www.dubourg-groupe.com\/wp-content\/uploads\/2025\/07\/visuel.webp","width":1280,"height":320},{"@type":"BreadcrumbList","@id":"https:\/\/www.dubourg-groupe.com\/2025\/07\/08\/retrouvez-linterview-de-jean-baptiste-dubourg-pour-leco-ici-en-gironde\/#breadcrumb","itemListElement":[{"@type":"ListItem","position":1,"name":"Accueil","item":"https:\/\/www.dubourg-groupe.com\/"},{"@type":"ListItem","position":2,"name":"Retrouvez l&rsquo;interview de Jean-Baptiste DUBOURG pour L&rsquo;\u00e9co ici en Gironde"}]},{"@type":"WebSite","@id":"https:\/\/www.dubourg-groupe.com\/#website","url":"https:\/\/www.dubourg-groupe.com\/","name":"Dubourg Group","description":"","publisher":{"@id":"https:\/\/www.dubourg-groupe.com\/#organization"},"potentialAction":[{"@type":"SearchAction","target":{"@type":"EntryPoint","urlTemplate":"https:\/\/www.dubourg-groupe.com\/?s={search_term_string}"},"query-input":{"@type":"PropertyValueSpecification","valueRequired":true,"valueName":"search_term_string"}}],"inLanguage":"en-US"},{"@type":"Organization","@id":"https:\/\/www.dubourg-groupe.com\/#organization","name":"Dubourg Group","url":"https:\/\/www.dubourg-groupe.com\/","logo":{"@type":"ImageObject","inLanguage":"en-US","@id":"https:\/\/www.dubourg-groupe.com\/#\/schema\/logo\/image\/","url":"https:\/\/www.dubourg-groupe.com\/wp-content\/uploads\/2024\/11\/logo-resize-png.webp","contentUrl":"https:\/\/www.dubourg-groupe.com\/wp-content\/uploads\/2024\/11\/logo-resize-png.webp","width":247,"height":56,"caption":"Dubourg Groupe"},"image":{"@id":"https:\/\/www.dubourg-groupe.com\/#\/schema\/logo\/image\/"},"sameAs":["https:\/\/fr-fr.facebook.com\/dubourg.automobiles\/","https:\/\/www.instagram.com\/dubourg_automobiles\/","https:\/\/www.linkedin.com\/company\/dubourg-automobiles","https:\/\/www.youtube.com\/@dubourgautomobiles8847"]},{"@type":"Person","@id":"https:\/\/www.dubourg-groupe.com\/#\/schema\/person\/edcfdea46d9cda1ff96ae17d89d48a00","name":"admin-dubourg","image":{"@type":"ImageObject","inLanguage":"en-US","@id":"https:\/\/www.dubourg-groupe.com\/#\/schema\/person\/image\/","url":"https:\/\/secure.gravatar.com\/avatar\/21854f7b747275f064449c5977e3c568973262d3a04ab7c32590fbf81144e5bd?s=96&d=mm&r=g","contentUrl":"https:\/\/secure.gravatar.com\/avatar\/21854f7b747275f064449c5977e3c568973262d3a04ab7c32590fbf81144e5bd?s=96&d=mm&r=g","caption":"admin-dubourg"},"url":"https:\/\/www.dubourg-groupe.com\/en\/author\/admin-dubourg\/"}]}},"_links":{"self":[{"href":"https:\/\/www.dubourg-groupe.com\/en\/wp-json\/wp\/v2\/posts\/1914","targetHints":{"allow":["GET"]}}],"collection":[{"href":"https:\/\/www.dubourg-groupe.com\/en\/wp-json\/wp\/v2\/posts"}],"about":[{"href":"https:\/\/www.dubourg-groupe.com\/en\/wp-json\/wp\/v2\/types\/post"}],"author":[{"embeddable":true,"href":"https:\/\/www.dubourg-groupe.com\/en\/wp-json\/wp\/v2\/users\/2"}],"replies":[{"embeddable":true,"href":"https:\/\/www.dubourg-groupe.com\/en\/wp-json\/wp\/v2\/comments?post=1914"}],"version-history":[{"count":5,"href":"https:\/\/www.dubourg-groupe.com\/en\/wp-json\/wp\/v2\/posts\/1914\/revisions"}],"predecessor-version":[{"id":1924,"href":"https:\/\/www.dubourg-groupe.com\/en\/wp-json\/wp\/v2\/posts\/1914\/revisions\/1924"}],"wp:featuredmedia":[{"embeddable":true,"href":"https:\/\/www.dubourg-groupe.com\/en\/wp-json\/wp\/v2\/media\/1926"}],"wp:attachment":[{"href":"https:\/\/www.dubourg-groupe.com\/en\/wp-json\/wp\/v2\/media?parent=1914"}],"wp:term":[{"taxonomy":"category","embeddable":true,"href":"https:\/\/www.dubourg-groupe.com\/en\/wp-json\/wp\/v2\/categories?post=1914"},{"taxonomy":"post_tag","embeddable":true,"href":"https:\/\/www.dubourg-groupe.com\/en\/wp-json\/wp\/v2\/tags?post=1914"}],"curies":[{"name":"wp","href":"https:\/\/api.w.org\/{rel}","templated":true}]}}