{"id":2980,"date":"2025-11-04T14:46:12","date_gmt":"2025-11-04T13:46:12","guid":{"rendered":"https:\/\/www.dubourg-groupe.com\/?p=2980"},"modified":"2025-11-04T14:46:13","modified_gmt":"2025-11-04T13:46:13","slug":"equip-auto-2025-trade-show-a-week-dedicated-to-innovation-and-the-circular-economy","status":"publish","type":"post","link":"https:\/\/www.dubourg-groupe.com\/en\/2025\/11\/04\/equip-auto-2025-trade-show-a-week-dedicated-to-innovation-and-the-circular-economy\/","title":{"rendered":"EQUIP AUTO 2025 trade show: a week dedicated to innovation and the circular economy \u267b\ufe0f\ud83d\ude97"},"content":{"rendered":"<p><\/p>\n\n\n\n<p>From October 14th to 18th, 2025, <strong>DUBOURG GROUP<\/strong> participated in the Salon <strong>EQUIP AUTO 2025<\/strong> In Paris, an unmissable event for all players in the automotive industry.<br>A week punctuated by the <strong>passion<\/strong>, there <strong>encounter<\/strong> and the\u2019<strong>innovation<\/strong>, around a central theme: <strong>The circular economy at the heart of the future of the automotive industry.<\/strong><\/p>\n\n\n\n<figure class=\"wp-block-image size-large is-resized\"><img loading=\"lazy\" decoding=\"async\" width=\"1024\" height=\"681\" src=\"https:\/\/www.dubourg-groupe.com\/wp-content\/uploads\/2025\/11\/20251014_161724000_iOS-1-1024x681.webp\" alt=\"\" class=\"wp-image-2989\" style=\"width:686px;height:auto\" srcset=\"https:\/\/www.dubourg-groupe.com\/wp-content\/uploads\/2025\/11\/20251014_161724000_iOS-1-1024x681.webp 1024w, https:\/\/www.dubourg-groupe.com\/wp-content\/uploads\/2025\/11\/20251014_161724000_iOS-1-300x200.webp 300w, https:\/\/www.dubourg-groupe.com\/wp-content\/uploads\/2025\/11\/20251014_161724000_iOS-1-768x511.webp 768w, https:\/\/www.dubourg-groupe.com\/wp-content\/uploads\/2025\/11\/20251014_161724000_iOS-1-1536x1022.webp 1536w, https:\/\/www.dubourg-groupe.com\/wp-content\/uploads\/2025\/11\/20251014_161724000_iOS-1-18x12.webp 18w, https:\/\/www.dubourg-groupe.com\/wp-content\/uploads\/2025\/11\/20251014_161724000_iOS-1.webp 1599w\" sizes=\"auto, (max-width: 1024px) 100vw, 1024px\" \/><\/figure>\n\n\n\n<p><\/p>\n\n\n\n<h5 class=\"wp-block-heading\">\ud83d\udd27 The circular economy at the heart of our discussions<\/h5>\n\n\n\n<p><\/p>\n\n\n\n<p>Throughout the show, our teams welcomed visitors, partners and industry players to present our expertise in key areas.<\/p>\n\n\n\n<p>These meetings provided an opportunity to discuss the challenges of...\u2019<strong>circular economy<\/strong>, to share concrete perspectives and to affirm our active role in the responsible transformation of the sector.<\/p>\n\n\n\n<p>The presence at our stand of the <strong>Formula 4 by Jules Avril<\/strong> It also illustrated our commitment to performance, youth, and technological innovation. \ud83c\udfc1<\/p>\n\n\n\n<div class=\"wp-block-columns is-layout-flex wp-container-core-columns-is-layout-28f84493 wp-block-columns-is-layout-flex\">\n<div class=\"wp-block-column is-layout-flow wp-block-column-is-layout-flow\" style=\"flex-basis:33.33%\">\n<figure class=\"wp-block-image size-large\"><img loading=\"lazy\" decoding=\"async\" width=\"819\" height=\"1024\" src=\"https:\/\/www.dubourg-groupe.com\/wp-content\/uploads\/2025\/11\/20251014_152656000_iOS-1-819x1024.webp\" alt=\"\" class=\"wp-image-3005\" srcset=\"https:\/\/www.dubourg-groupe.com\/wp-content\/uploads\/2025\/11\/20251014_152656000_iOS-1-819x1024.webp 819w, https:\/\/www.dubourg-groupe.com\/wp-content\/uploads\/2025\/11\/20251014_152656000_iOS-1-240x300.webp 240w, https:\/\/www.dubourg-groupe.com\/wp-content\/uploads\/2025\/11\/20251014_152656000_iOS-1-768x960.webp 768w, https:\/\/www.dubourg-groupe.com\/wp-content\/uploads\/2025\/11\/20251014_152656000_iOS-1-10x12.webp 10w, https:\/\/www.dubourg-groupe.com\/wp-content\/uploads\/2025\/11\/20251014_152656000_iOS-1.webp 1080w\" sizes=\"auto, (max-width: 819px) 100vw, 819px\" \/><\/figure>\n<\/div>\n\n\n\n<div class=\"wp-block-column is-layout-flow wp-block-column-is-layout-flow\" style=\"flex-basis:66.66%\">\n<figure class=\"wp-block-image size-large is-resized\"><img loading=\"lazy\" decoding=\"async\" width=\"1024\" height=\"681\" src=\"https:\/\/www.dubourg-groupe.com\/wp-content\/uploads\/2025\/11\/20251014_161726000_iOS-1024x681.webp\" alt=\"\" class=\"wp-image-3006\" style=\"width:513px;height:auto\" srcset=\"https:\/\/www.dubourg-groupe.com\/wp-content\/uploads\/2025\/11\/20251014_161726000_iOS-1024x681.webp 1024w, https:\/\/www.dubourg-groupe.com\/wp-content\/uploads\/2025\/11\/20251014_161726000_iOS-300x200.webp 300w, https:\/\/www.dubourg-groupe.com\/wp-content\/uploads\/2025\/11\/20251014_161726000_iOS-768x511.webp 768w, https:\/\/www.dubourg-groupe.com\/wp-content\/uploads\/2025\/11\/20251014_161726000_iOS-1536x1022.webp 1536w, https:\/\/www.dubourg-groupe.com\/wp-content\/uploads\/2025\/11\/20251014_161726000_iOS-18x12.webp 18w, https:\/\/www.dubourg-groupe.com\/wp-content\/uploads\/2025\/11\/20251014_161726000_iOS.webp 1599w\" sizes=\"auto, (max-width: 1024px) 100vw, 1024px\" \/><\/figure>\n<\/div>\n<\/div>\n\n\n\n<p><\/p>\n\n\n\n<h5 class=\"wp-block-heading\">\ud83c\udf0d Collaboration, innovation and a responsible future<\/h5>\n\n\n\n<p><\/p>\n\n\n\n<p>The trade fair provided an opportunity for professionals driven by the same ambition to exchange ideas: <strong>to evolve the automotive sector towards greater sustainability, innovation and cooperation<\/strong>.<br>Everyone, at their own level, contributes to evolving the sector towards a more virtuous, conciliatory model. <strong>performance<\/strong>, <strong>ecology<\/strong> And <strong>economy<\/strong>.<\/p>\n\n\n\n<div class=\"wp-block-columns is-layout-flex wp-container-core-columns-is-layout-28f84493 wp-block-columns-is-layout-flex\">\n<div class=\"wp-block-column is-layout-flow wp-block-column-is-layout-flow\" style=\"flex-basis:66.66%\">\n<figure class=\"wp-block-image size-large\"><img loading=\"lazy\" decoding=\"async\" width=\"1024\" height=\"576\" src=\"https:\/\/www.dubourg-groupe.com\/wp-content\/uploads\/2025\/11\/20251016_181608000_iOS-1-1024x576.webp\" alt=\"\" class=\"wp-image-3000\" srcset=\"https:\/\/www.dubourg-groupe.com\/wp-content\/uploads\/2025\/11\/20251016_181608000_iOS-1-1024x576.webp 1024w, https:\/\/www.dubourg-groupe.com\/wp-content\/uploads\/2025\/11\/20251016_181608000_iOS-1-300x169.webp 300w, https:\/\/www.dubourg-groupe.com\/wp-content\/uploads\/2025\/11\/20251016_181608000_iOS-1-768x432.webp 768w, https:\/\/www.dubourg-groupe.com\/wp-content\/uploads\/2025\/11\/20251016_181608000_iOS-1-18x10.webp 18w, https:\/\/www.dubourg-groupe.com\/wp-content\/uploads\/2025\/11\/20251016_181608000_iOS-1.webp 1080w\" sizes=\"auto, (max-width: 1024px) 100vw, 1024px\" \/><\/figure>\n<\/div>\n\n\n\n<div class=\"wp-block-column is-layout-flow wp-block-column-is-layout-flow\" style=\"flex-basis:33.33%\">\n<figure class=\"wp-block-gallery has-nested-images columns-default is-cropped wp-block-gallery-1 is-layout-flex wp-block-gallery-is-layout-flex\">\n<figure class=\"wp-block-image size-large\"><img loading=\"lazy\" decoding=\"async\" width=\"819\" height=\"1024\" data-id=\"3003\" src=\"https:\/\/www.dubourg-groupe.com\/wp-content\/uploads\/2025\/11\/20251015_132852000_iOS-819x1024.webp\" alt=\"\" class=\"wp-image-3003\" srcset=\"https:\/\/www.dubourg-groupe.com\/wp-content\/uploads\/2025\/11\/20251015_132852000_iOS-819x1024.webp 819w, https:\/\/www.dubourg-groupe.com\/wp-content\/uploads\/2025\/11\/20251015_132852000_iOS-240x300.webp 240w, https:\/\/www.dubourg-groupe.com\/wp-content\/uploads\/2025\/11\/20251015_132852000_iOS-768x960.webp 768w, https:\/\/www.dubourg-groupe.com\/wp-content\/uploads\/2025\/11\/20251015_132852000_iOS-10x12.webp 10w, https:\/\/www.dubourg-groupe.com\/wp-content\/uploads\/2025\/11\/20251015_132852000_iOS.webp 1080w\" sizes=\"auto, (max-width: 819px) 100vw, 819px\" \/><\/figure>\n<\/figure>\n<\/div>\n<\/div>\n\n\n\n<p><\/p>\n\n\n\n<h5 class=\"wp-block-heading\">\ud83c\udf1fA week dedicated to passion and sharing<\/h5>\n\n\n\n<p><\/p>\n\n\n\n<p>Between presentations, demonstrations and friendly exchanges, this edition of\u2019<strong>EQUIP AUTO<\/strong> highlighted the wealth of expertise and the importance of the <strong>dialogue between industry players.<\/strong><\/p>\n\n\n\n<p>We warmly thank everyone who came to meet us and commend the dedication of our teams who worked tirelessly throughout the event. \ud83d\ude4f<\/p>\n\n\n\n<p><\/p>\n\n\n\n<p>THE <strong>EQUIP AUTO 2025 trade show<\/strong> It was a great showcase for the entire profession:<br>a space for exchange, of <strong>sharing of expertise<\/strong> and of\u2019<strong>collective inspiration<\/strong>, serving the future of the automobile <strong>more responsible and sustainable<\/strong>.<\/p>\n\n\n\n<blockquote class=\"wp-block-quote is-layout-flow wp-block-quote-is-layout-flow\">\n<p>\u00ab&quot;\u00ab\u00a0<em>United by passion, let us contribute to a responsible future<\/em>. \u00bb<\/p>\n<\/blockquote>\n\n\n\n<p><\/p>","protected":false},"excerpt":{"rendered":"<p>From October 14 to 18, 2025, DUBOURG GROUPE participated in the EQUIP AUTO 2025 trade show in Paris, a key event for all players in the automotive industry. A week filled with passion, networking, and innovation, all centered around a core theme: the circular economy at the heart of the automotive future. \ud83d\udd27 The circular economy at the heart of [\u2026]<\/p>","protected":false},"author":2,"featured_media":2982,"comment_status":"closed","ping_status":"closed","sticky":false,"template":"","format":"standard","meta":{"_acf_changed":false,"footnotes":""},"categories":[11],"tags":[10],"class_list":["post-2980","post","type-post","status-publish","format-standard","has-post-thumbnail","hentry","category-evenement","tag-dubourg-groupe"],"acf":[],"yoast_head":"<!-- This site is optimized with the Yoast SEO plugin v26.2 - https:\/\/yoast.com\/wordpress\/plugins\/seo\/ -->\n<title>Salon EQUIP AUTO 2025 : une semaine plac\u00e9e sous le signe de l\u2019innovation et de l\u2019\u00e9conomie circulaire\u267b\ufe0f\ud83d\ude97 - Dubourg Groupe<\/title>\n<meta name=\"robots\" content=\"index, follow, max-snippet:-1, max-image-preview:large, max-video-preview:-1\" \/>\n<link rel=\"canonical\" href=\"https:\/\/www.dubourg-groupe.com\/en\/2025\/11\/04\/equip-auto-2025-trade-show-a-week-dedicated-to-innovation-and-the-circular-economy\/\" \/>\n<meta property=\"og:locale\" content=\"en_US\" \/>\n<meta property=\"og:type\" content=\"article\" \/>\n<meta property=\"og:title\" content=\"Salon EQUIP AUTO 2025 : une semaine plac\u00e9e sous le signe de l\u2019innovation et de l\u2019\u00e9conomie circulaire\u267b\ufe0f\ud83d\ude97 - Dubourg Groupe\" \/>\n<meta property=\"og:description\" content=\"Du 14 au 18 octobre 2025, DUBOURG GROUPE a particip\u00e9 au Salon EQUIP AUTO 2025 \u00e0 Paris, un \u00e9v\u00e9nement incontournable pour tous les acteurs de la fili\u00e8re automobile.Une semaine rythm\u00e9e par la passion, la rencontre et l\u2019innovation, autour d\u2019un th\u00e8me central : l\u2019\u00e9conomie circulaire au c\u0153ur de l\u2019avenir automobile. \ud83d\udd27 L\u2019\u00e9conomie circulaire au centre de [&hellip;]\" \/>\n<meta property=\"og:url\" content=\"https:\/\/www.dubourg-groupe.com\/en\/2025\/11\/04\/equip-auto-2025-trade-show-a-week-dedicated-to-innovation-and-the-circular-economy\/\" \/>\n<meta property=\"og:site_name\" content=\"Dubourg Groupe\" \/>\n<meta property=\"article:publisher\" content=\"https:\/\/fr-fr.facebook.com\/dubourg.automobiles\/\" \/>\n<meta property=\"article:published_time\" content=\"2025-11-04T13:46:12+00:00\" \/>\n<meta property=\"article:modified_time\" content=\"2025-11-04T13:46:13+00:00\" \/>\n<meta property=\"og:image\" content=\"https:\/\/www.dubourg-groupe.com\/wp-content\/uploads\/2025\/11\/20251014_161723000_iOS.webp\" \/>\n\t<meta property=\"og:image:width\" content=\"1600\" \/>\n\t<meta property=\"og:image:height\" content=\"1064\" \/>\n\t<meta property=\"og:image:type\" content=\"image\/jpeg\" \/>\n<meta name=\"author\" content=\"admin-dubourg\" \/>\n<meta name=\"twitter:card\" content=\"summary_large_image\" \/>\n<meta name=\"twitter:label1\" content=\"Written by\" \/>\n\t<meta name=\"twitter:data1\" content=\"admin-dubourg\" \/>\n\t<meta name=\"twitter:label2\" content=\"Est. reading time\" \/>\n\t<meta name=\"twitter:data2\" content=\"2 minutes\" \/>\n<script type=\"application\/ld+json\" class=\"yoast-schema-graph\">{\"@context\":\"https:\/\/schema.org\",\"@graph\":[{\"@type\":\"Article\",\"@id\":\"https:\/\/www.dubourg-groupe.com\/2025\/11\/04\/salon-equip-auto-2025-une-semaine-placee-sous-le-signe-de-linnovation-et-de-leconomie-circulaire%e2%99%bb%ef%b8%8f%f0%9f%9a%97\/#article\",\"isPartOf\":{\"@id\":\"https:\/\/www.dubourg-groupe.com\/2025\/11\/04\/salon-equip-auto-2025-une-semaine-placee-sous-le-signe-de-linnovation-et-de-leconomie-circulaire%e2%99%bb%ef%b8%8f%f0%9f%9a%97\/\"},\"author\":{\"name\":\"admin-dubourg\",\"@id\":\"https:\/\/www.dubourg-groupe.com\/#\/schema\/person\/edcfdea46d9cda1ff96ae17d89d48a00\"},\"headline\":\"Salon EQUIP AUTO 2025 : une semaine plac\u00e9e sous le signe de l\u2019innovation et de l\u2019\u00e9conomie circulaire\u267b\ufe0f\ud83d\ude97\",\"datePublished\":\"2025-11-04T13:46:12+00:00\",\"dateModified\":\"2025-11-04T13:46:13+00:00\",\"mainEntityOfPage\":{\"@id\":\"https:\/\/www.dubourg-groupe.com\/2025\/11\/04\/salon-equip-auto-2025-une-semaine-placee-sous-le-signe-de-linnovation-et-de-leconomie-circulaire%e2%99%bb%ef%b8%8f%f0%9f%9a%97\/\"},\"wordCount\":331,\"publisher\":{\"@id\":\"https:\/\/www.dubourg-groupe.com\/#organization\"},\"image\":{\"@id\":\"https:\/\/www.dubourg-groupe.com\/2025\/11\/04\/salon-equip-auto-2025-une-semaine-placee-sous-le-signe-de-linnovation-et-de-leconomie-circulaire%e2%99%bb%ef%b8%8f%f0%9f%9a%97\/#primaryimage\"},\"thumbnailUrl\":\"https:\/\/www.dubourg-groupe.com\/wp-content\/uploads\/2025\/11\/20251014_161723000_iOS.webp\",\"keywords\":[\"DUBOURG GROUPE\"],\"articleSection\":[\"\u00c9v\u00e8nement\"],\"inLanguage\":\"en-US\"},{\"@type\":\"WebPage\",\"@id\":\"https:\/\/www.dubourg-groupe.com\/2025\/11\/04\/salon-equip-auto-2025-une-semaine-placee-sous-le-signe-de-linnovation-et-de-leconomie-circulaire%e2%99%bb%ef%b8%8f%f0%9f%9a%97\/\",\"url\":\"https:\/\/www.dubourg-groupe.com\/2025\/11\/04\/salon-equip-auto-2025-une-semaine-placee-sous-le-signe-de-linnovation-et-de-leconomie-circulaire%e2%99%bb%ef%b8%8f%f0%9f%9a%97\/\",\"name\":\"Salon EQUIP AUTO 2025 : une semaine plac\u00e9e sous le signe de l\u2019innovation et de l\u2019\u00e9conomie circulaire\u267b\ufe0f\ud83d\ude97 - Dubourg Groupe\",\"isPartOf\":{\"@id\":\"https:\/\/www.dubourg-groupe.com\/#website\"},\"primaryImageOfPage\":{\"@id\":\"https:\/\/www.dubourg-groupe.com\/2025\/11\/04\/salon-equip-auto-2025-une-semaine-placee-sous-le-signe-de-linnovation-et-de-leconomie-circulaire%e2%99%bb%ef%b8%8f%f0%9f%9a%97\/#primaryimage\"},\"image\":{\"@id\":\"https:\/\/www.dubourg-groupe.com\/2025\/11\/04\/salon-equip-auto-2025-une-semaine-placee-sous-le-signe-de-linnovation-et-de-leconomie-circulaire%e2%99%bb%ef%b8%8f%f0%9f%9a%97\/#primaryimage\"},\"thumbnailUrl\":\"https:\/\/www.dubourg-groupe.com\/wp-content\/uploads\/2025\/11\/20251014_161723000_iOS.webp\",\"datePublished\":\"2025-11-04T13:46:12+00:00\",\"dateModified\":\"2025-11-04T13:46:13+00:00\",\"breadcrumb\":{\"@id\":\"https:\/\/www.dubourg-groupe.com\/2025\/11\/04\/salon-equip-auto-2025-une-semaine-placee-sous-le-signe-de-linnovation-et-de-leconomie-circulaire%e2%99%bb%ef%b8%8f%f0%9f%9a%97\/#breadcrumb\"},\"inLanguage\":\"en-US\",\"potentialAction\":[{\"@type\":\"ReadAction\",\"target\":[\"https:\/\/www.dubourg-groupe.com\/2025\/11\/04\/salon-equip-auto-2025-une-semaine-placee-sous-le-signe-de-linnovation-et-de-leconomie-circulaire%e2%99%bb%ef%b8%8f%f0%9f%9a%97\/\"]}]},{\"@type\":\"ImageObject\",\"inLanguage\":\"en-US\",\"@id\":\"https:\/\/www.dubourg-groupe.com\/2025\/11\/04\/salon-equip-auto-2025-une-semaine-placee-sous-le-signe-de-linnovation-et-de-leconomie-circulaire%e2%99%bb%ef%b8%8f%f0%9f%9a%97\/#primaryimage\",\"url\":\"https:\/\/www.dubourg-groupe.com\/wp-content\/uploads\/2025\/11\/20251014_161723000_iOS.webp\",\"contentUrl\":\"https:\/\/www.dubourg-groupe.com\/wp-content\/uploads\/2025\/11\/20251014_161723000_iOS.webp\",\"width\":1600,\"height\":1064},{\"@type\":\"BreadcrumbList\",\"@id\":\"https:\/\/www.dubourg-groupe.com\/2025\/11\/04\/salon-equip-auto-2025-une-semaine-placee-sous-le-signe-de-linnovation-et-de-leconomie-circulaire%e2%99%bb%ef%b8%8f%f0%9f%9a%97\/#breadcrumb\",\"itemListElement\":[{\"@type\":\"ListItem\",\"position\":1,\"name\":\"Accueil\",\"item\":\"https:\/\/www.dubourg-groupe.com\/\"},{\"@type\":\"ListItem\",\"position\":2,\"name\":\"Salon EQUIP AUTO 2025 : une semaine plac\u00e9e sous le signe de l\u2019innovation et de l\u2019\u00e9conomie circulaire\u267b\ufe0f\ud83d\ude97\"}]},{\"@type\":\"WebSite\",\"@id\":\"https:\/\/www.dubourg-groupe.com\/#website\",\"url\":\"https:\/\/www.dubourg-groupe.com\/\",\"name\":\"Dubourg Groupe\",\"description\":\"\",\"publisher\":{\"@id\":\"https:\/\/www.dubourg-groupe.com\/#organization\"},\"potentialAction\":[{\"@type\":\"SearchAction\",\"target\":{\"@type\":\"EntryPoint\",\"urlTemplate\":\"https:\/\/www.dubourg-groupe.com\/?s={search_term_string}\"},\"query-input\":{\"@type\":\"PropertyValueSpecification\",\"valueRequired\":true,\"valueName\":\"search_term_string\"}}],\"inLanguage\":\"en-US\"},{\"@type\":\"Organization\",\"@id\":\"https:\/\/www.dubourg-groupe.com\/#organization\",\"name\":\"Dubourg Groupe\",\"url\":\"https:\/\/www.dubourg-groupe.com\/\",\"logo\":{\"@type\":\"ImageObject\",\"inLanguage\":\"en-US\",\"@id\":\"https:\/\/www.dubourg-groupe.com\/#\/schema\/logo\/image\/\",\"url\":\"https:\/\/www.dubourg-groupe.com\/wp-content\/uploads\/2024\/11\/logo-resize-png.webp\",\"contentUrl\":\"https:\/\/www.dubourg-groupe.com\/wp-content\/uploads\/2024\/11\/logo-resize-png.webp\",\"width\":247,\"height\":56,\"caption\":\"Dubourg Groupe\"},\"image\":{\"@id\":\"https:\/\/www.dubourg-groupe.com\/#\/schema\/logo\/image\/\"},\"sameAs\":[\"https:\/\/fr-fr.facebook.com\/dubourg.automobiles\/\",\"https:\/\/www.instagram.com\/dubourg_automobiles\/\",\"https:\/\/www.linkedin.com\/company\/dubourg-automobiles\",\"https:\/\/www.youtube.com\/@dubourgautomobiles8847\"]},{\"@type\":\"Person\",\"@id\":\"https:\/\/www.dubourg-groupe.com\/#\/schema\/person\/edcfdea46d9cda1ff96ae17d89d48a00\",\"name\":\"admin-dubourg\",\"image\":{\"@type\":\"ImageObject\",\"inLanguage\":\"en-US\",\"@id\":\"https:\/\/www.dubourg-groupe.com\/#\/schema\/person\/image\/\",\"url\":\"https:\/\/secure.gravatar.com\/avatar\/21854f7b747275f064449c5977e3c568973262d3a04ab7c32590fbf81144e5bd?s=96&d=mm&r=g\",\"contentUrl\":\"https:\/\/secure.gravatar.com\/avatar\/21854f7b747275f064449c5977e3c568973262d3a04ab7c32590fbf81144e5bd?s=96&d=mm&r=g\",\"caption\":\"admin-dubourg\"},\"url\":\"https:\/\/www.dubourg-groupe.com\/en\/author\/admin-dubourg\/\"}]}<\/script>\n<!-- \/ Yoast SEO plugin. -->","yoast_head_json":{"title":"EQUIP AUTO 2025 trade show: a week dedicated to innovation and the circular economy \u267b\ufe0f\ud83d\ude97 - Dubourg Group","robots":{"index":"index","follow":"follow","max-snippet":"max-snippet:-1","max-image-preview":"max-image-preview:large","max-video-preview":"max-video-preview:-1"},"canonical":"https:\/\/www.dubourg-groupe.com\/en\/2025\/11\/04\/equip-auto-2025-trade-show-a-week-dedicated-to-innovation-and-the-circular-economy\/","og_locale":"en_US","og_type":"article","og_title":"Salon EQUIP AUTO 2025 : une semaine plac\u00e9e sous le signe de l\u2019innovation et de l\u2019\u00e9conomie circulaire\u267b\ufe0f\ud83d\ude97 - Dubourg Groupe","og_description":"Du 14 au 18 octobre 2025, DUBOURG GROUPE a particip\u00e9 au Salon EQUIP AUTO 2025 \u00e0 Paris, un \u00e9v\u00e9nement incontournable pour tous les acteurs de la fili\u00e8re automobile.Une semaine rythm\u00e9e par la passion, la rencontre et l\u2019innovation, autour d\u2019un th\u00e8me central : l\u2019\u00e9conomie circulaire au c\u0153ur de l\u2019avenir automobile. \ud83d\udd27 L\u2019\u00e9conomie circulaire au centre de [&hellip;]","og_url":"https:\/\/www.dubourg-groupe.com\/en\/2025\/11\/04\/equip-auto-2025-trade-show-a-week-dedicated-to-innovation-and-the-circular-economy\/","og_site_name":"Dubourg Groupe","article_publisher":"https:\/\/fr-fr.facebook.com\/dubourg.automobiles\/","article_published_time":"2025-11-04T13:46:12+00:00","article_modified_time":"2025-11-04T13:46:13+00:00","og_image":[{"width":1600,"height":1064,"url":"https:\/\/www.dubourg-groupe.com\/wp-content\/uploads\/2025\/11\/20251014_161723000_iOS.webp","type":"image\/jpeg"}],"author":"admin-dubourg","twitter_card":"summary_large_image","twitter_misc":{"Written by":"admin-dubourg","Est. reading time":"2 minutes"},"schema":{"@context":"https:\/\/schema.org","@graph":[{"@type":"Article","@id":"https:\/\/www.dubourg-groupe.com\/2025\/11\/04\/salon-equip-auto-2025-une-semaine-placee-sous-le-signe-de-linnovation-et-de-leconomie-circulaire%e2%99%bb%ef%b8%8f%f0%9f%9a%97\/#article","isPartOf":{"@id":"https:\/\/www.dubourg-groupe.com\/2025\/11\/04\/salon-equip-auto-2025-une-semaine-placee-sous-le-signe-de-linnovation-et-de-leconomie-circulaire%e2%99%bb%ef%b8%8f%f0%9f%9a%97\/"},"author":{"name":"admin-dubourg","@id":"https:\/\/www.dubourg-groupe.com\/#\/schema\/person\/edcfdea46d9cda1ff96ae17d89d48a00"},"headline":"Salon EQUIP AUTO 2025 : une semaine plac\u00e9e sous le signe de l\u2019innovation et de l\u2019\u00e9conomie circulaire\u267b\ufe0f\ud83d\ude97","datePublished":"2025-11-04T13:46:12+00:00","dateModified":"2025-11-04T13:46:13+00:00","mainEntityOfPage":{"@id":"https:\/\/www.dubourg-groupe.com\/2025\/11\/04\/salon-equip-auto-2025-une-semaine-placee-sous-le-signe-de-linnovation-et-de-leconomie-circulaire%e2%99%bb%ef%b8%8f%f0%9f%9a%97\/"},"wordCount":331,"publisher":{"@id":"https:\/\/www.dubourg-groupe.com\/#organization"},"image":{"@id":"https:\/\/www.dubourg-groupe.com\/2025\/11\/04\/salon-equip-auto-2025-une-semaine-placee-sous-le-signe-de-linnovation-et-de-leconomie-circulaire%e2%99%bb%ef%b8%8f%f0%9f%9a%97\/#primaryimage"},"thumbnailUrl":"https:\/\/www.dubourg-groupe.com\/wp-content\/uploads\/2025\/11\/20251014_161723000_iOS.webp","keywords":["DUBOURG GROUPE"],"articleSection":["\u00c9v\u00e8nement"],"inLanguage":"en-US"},{"@type":"WebPage","@id":"https:\/\/www.dubourg-groupe.com\/2025\/11\/04\/salon-equip-auto-2025-une-semaine-placee-sous-le-signe-de-linnovation-et-de-leconomie-circulaire%e2%99%bb%ef%b8%8f%f0%9f%9a%97\/","url":"https:\/\/www.dubourg-groupe.com\/2025\/11\/04\/salon-equip-auto-2025-une-semaine-placee-sous-le-signe-de-linnovation-et-de-leconomie-circulaire%e2%99%bb%ef%b8%8f%f0%9f%9a%97\/","name":"EQUIP AUTO 2025 trade show: a week dedicated to innovation and the circular economy \u267b\ufe0f\ud83d\ude97 - Dubourg Group","isPartOf":{"@id":"https:\/\/www.dubourg-groupe.com\/#website"},"primaryImageOfPage":{"@id":"https:\/\/www.dubourg-groupe.com\/2025\/11\/04\/salon-equip-auto-2025-une-semaine-placee-sous-le-signe-de-linnovation-et-de-leconomie-circulaire%e2%99%bb%ef%b8%8f%f0%9f%9a%97\/#primaryimage"},"image":{"@id":"https:\/\/www.dubourg-groupe.com\/2025\/11\/04\/salon-equip-auto-2025-une-semaine-placee-sous-le-signe-de-linnovation-et-de-leconomie-circulaire%e2%99%bb%ef%b8%8f%f0%9f%9a%97\/#primaryimage"},"thumbnailUrl":"https:\/\/www.dubourg-groupe.com\/wp-content\/uploads\/2025\/11\/20251014_161723000_iOS.webp","datePublished":"2025-11-04T13:46:12+00:00","dateModified":"2025-11-04T13:46:13+00:00","breadcrumb":{"@id":"https:\/\/www.dubourg-groupe.com\/2025\/11\/04\/salon-equip-auto-2025-une-semaine-placee-sous-le-signe-de-linnovation-et-de-leconomie-circulaire%e2%99%bb%ef%b8%8f%f0%9f%9a%97\/#breadcrumb"},"inLanguage":"en-US","potentialAction":[{"@type":"ReadAction","target":["https:\/\/www.dubourg-groupe.com\/2025\/11\/04\/salon-equip-auto-2025-une-semaine-placee-sous-le-signe-de-linnovation-et-de-leconomie-circulaire%e2%99%bb%ef%b8%8f%f0%9f%9a%97\/"]}]},{"@type":"ImageObject","inLanguage":"en-US","@id":"https:\/\/www.dubourg-groupe.com\/2025\/11\/04\/salon-equip-auto-2025-une-semaine-placee-sous-le-signe-de-linnovation-et-de-leconomie-circulaire%e2%99%bb%ef%b8%8f%f0%9f%9a%97\/#primaryimage","url":"https:\/\/www.dubourg-groupe.com\/wp-content\/uploads\/2025\/11\/20251014_161723000_iOS.webp","contentUrl":"https:\/\/www.dubourg-groupe.com\/wp-content\/uploads\/2025\/11\/20251014_161723000_iOS.webp","width":1600,"height":1064},{"@type":"BreadcrumbList","@id":"https:\/\/www.dubourg-groupe.com\/2025\/11\/04\/salon-equip-auto-2025-une-semaine-placee-sous-le-signe-de-linnovation-et-de-leconomie-circulaire%e2%99%bb%ef%b8%8f%f0%9f%9a%97\/#breadcrumb","itemListElement":[{"@type":"ListItem","position":1,"name":"Accueil","item":"https:\/\/www.dubourg-groupe.com\/"},{"@type":"ListItem","position":2,"name":"Salon EQUIP AUTO 2025 : une semaine plac\u00e9e sous le signe de l\u2019innovation et de l\u2019\u00e9conomie circulaire\u267b\ufe0f\ud83d\ude97"}]},{"@type":"WebSite","@id":"https:\/\/www.dubourg-groupe.com\/#website","url":"https:\/\/www.dubourg-groupe.com\/","name":"Dubourg Group","description":"","publisher":{"@id":"https:\/\/www.dubourg-groupe.com\/#organization"},"potentialAction":[{"@type":"SearchAction","target":{"@type":"EntryPoint","urlTemplate":"https:\/\/www.dubourg-groupe.com\/?s={search_term_string}"},"query-input":{"@type":"PropertyValueSpecification","valueRequired":true,"valueName":"search_term_string"}}],"inLanguage":"en-US"},{"@type":"Organization","@id":"https:\/\/www.dubourg-groupe.com\/#organization","name":"Dubourg Group","url":"https:\/\/www.dubourg-groupe.com\/","logo":{"@type":"ImageObject","inLanguage":"en-US","@id":"https:\/\/www.dubourg-groupe.com\/#\/schema\/logo\/image\/","url":"https:\/\/www.dubourg-groupe.com\/wp-content\/uploads\/2024\/11\/logo-resize-png.webp","contentUrl":"https:\/\/www.dubourg-groupe.com\/wp-content\/uploads\/2024\/11\/logo-resize-png.webp","width":247,"height":56,"caption":"Dubourg Groupe"},"image":{"@id":"https:\/\/www.dubourg-groupe.com\/#\/schema\/logo\/image\/"},"sameAs":["https:\/\/fr-fr.facebook.com\/dubourg.automobiles\/","https:\/\/www.instagram.com\/dubourg_automobiles\/","https:\/\/www.linkedin.com\/company\/dubourg-automobiles","https:\/\/www.youtube.com\/@dubourgautomobiles8847"]},{"@type":"Person","@id":"https:\/\/www.dubourg-groupe.com\/#\/schema\/person\/edcfdea46d9cda1ff96ae17d89d48a00","name":"admin-dubourg","image":{"@type":"ImageObject","inLanguage":"en-US","@id":"https:\/\/www.dubourg-groupe.com\/#\/schema\/person\/image\/","url":"https:\/\/secure.gravatar.com\/avatar\/21854f7b747275f064449c5977e3c568973262d3a04ab7c32590fbf81144e5bd?s=96&d=mm&r=g","contentUrl":"https:\/\/secure.gravatar.com\/avatar\/21854f7b747275f064449c5977e3c568973262d3a04ab7c32590fbf81144e5bd?s=96&d=mm&r=g","caption":"admin-dubourg"},"url":"https:\/\/www.dubourg-groupe.com\/en\/author\/admin-dubourg\/"}]}},"_links":{"self":[{"href":"https:\/\/www.dubourg-groupe.com\/en\/wp-json\/wp\/v2\/posts\/2980","targetHints":{"allow":["GET"]}}],"collection":[{"href":"https:\/\/www.dubourg-groupe.com\/en\/wp-json\/wp\/v2\/posts"}],"about":[{"href":"https:\/\/www.dubourg-groupe.com\/en\/wp-json\/wp\/v2\/types\/post"}],"author":[{"embeddable":true,"href":"https:\/\/www.dubourg-groupe.com\/en\/wp-json\/wp\/v2\/users\/2"}],"replies":[{"embeddable":true,"href":"https:\/\/www.dubourg-groupe.com\/en\/wp-json\/wp\/v2\/comments?post=2980"}],"version-history":[{"count":12,"href":"https:\/\/www.dubourg-groupe.com\/en\/wp-json\/wp\/v2\/posts\/2980\/revisions"}],"predecessor-version":[{"id":3013,"href":"https:\/\/www.dubourg-groupe.com\/en\/wp-json\/wp\/v2\/posts\/2980\/revisions\/3013"}],"wp:featuredmedia":[{"embeddable":true,"href":"https:\/\/www.dubourg-groupe.com\/en\/wp-json\/wp\/v2\/media\/2982"}],"wp:attachment":[{"href":"https:\/\/www.dubourg-groupe.com\/en\/wp-json\/wp\/v2\/media?parent=2980"}],"wp:term":[{"taxonomy":"category","embeddable":true,"href":"https:\/\/www.dubourg-groupe.com\/en\/wp-json\/wp\/v2\/categories?post=2980"},{"taxonomy":"post_tag","embeddable":true,"href":"https:\/\/www.dubourg-groupe.com\/en\/wp-json\/wp\/v2\/tags?post=2980"}],"curies":[{"name":"wp","href":"https:\/\/api.w.org\/{rel}","templated":true}]}}